{"id":3794,"date":"2020-11-12T10:25:02","date_gmt":"2020-11-12T09:25:02","guid":{"rendered":"https:\/\/www.chemin-neuf.ch\/?p=3794"},"modified":"2021-04-19T16:37:56","modified_gmt":"2021-04-19T14:37:56","slug":"audience-privee","status":"publish","type":"post","link":"https:\/\/www.haus-bethanien.ch\/de\/audience-privee\/","title":{"rendered":"Treffen mit Papst Franziskus"},"content":{"rendered":"\n<div class=\"wp-block-image\"><figure class=\"aligncenter\"><img decoding=\"async\" src=\"https:\/\/chemin-neuf.fr\/wp-content\/uploads\/2020\/07\/2020-11-12-Rencontre-Pape-pour-publication-Foto-\u00a9Vatican-Media-1024x683.jpg\" alt=\"\" class=\"wp-image-2372\"\/><\/figure><\/div>\n\n\n\n<p class=\"has-normal-font-size\">Ein ausserordentliches Treffen fand am Donnerstag, den 12. November 2020, in Rom statt, als der Papst die Gemeinschaft von Chemin Neuf einlud, ihn zu treffen: Pater Laurent Fabre, Gr\u00fcnder der Gemeinschaft Chemin Neuf, Pater Fran\u00e7ois Michon, Leiter der Gemeinschaft Chemin Neuf und Pater Etienne Vet\u00f6. Am Ende des Treffens hat er diese Botschaft der Gemeinschaft gegeben. <\/p>\n\n\n\n<h4 class=\"wp-block-heading\">BOTSCHAFT VON PAPST FRANZISKUS AN DIE GEMEINSCHAFT CHEMIN NEUF <\/h4>\n\n\n\n<figure class=\"wp-block-embed is-type-video is-provider-youtube wp-block-embed-youtube wp-embed-aspect-16-9 wp-has-aspect-ratio\"><div class=\"wp-block-embed__wrapper\">\n<iframe loading=\"lazy\" title=\"Botschaft von Papst Franziskus an die Gemeinschaft Chemin Neuf\" width=\"500\" height=\"281\" src=\"https:\/\/www.youtube.com\/embed\/qiHT7FVNhHY?start=4&#038;feature=oembed\" frameborder=\"0\" allow=\"accelerometer; autoplay; clipboard-write; encrypted-media; gyroscope; picture-in-picture; web-share\" referrerpolicy=\"strict-origin-when-cross-origin\" allowfullscreen><\/iframe>\n<\/div><\/figure>\n\n\n\n<p><\/p>\n","protected":false},"excerpt":{"rendered":"<p>ausserordentliches Treffen am 12. November 2020<\/p>\n","protected":false},"author":6,"featured_media":3797,"comment_status":"open","ping_status":"open","sticky":false,"template":"","format":"standard","meta":{"_acf_changed":false,"footnotes":""},"categories":[36],"tags":[],"class_list":["post-3794","post","type-post","status-publish","format-standard","has-post-thumbnail","hentry","category-gemeinschaft"],"acf":[],"yoast_head":"<!-- This site is optimized with the Yoast SEO plugin v27.5 - https:\/\/yoast.com\/product\/yoast-seo-wordpress\/ -->\n<title>Treffen mit Papst Franziskus - Bethanien<\/title>\n<meta name=\"description\" content=\"ausserordentliches Treffen am 12. November 2020\" \/>\n<meta name=\"robots\" content=\"index, follow, max-snippet:-1, max-image-preview:large, max-video-preview:-1\" \/>\n<link rel=\"canonical\" href=\"https:\/\/www.haus-bethanien.ch\/de\/audience-privee\/\" \/>\n<meta property=\"og:locale\" content=\"de_DE\" \/>\n<meta property=\"og:type\" content=\"article\" \/>\n<meta property=\"og:title\" content=\"Treffen mit Papst Franziskus - Bethanien\" \/>\n<meta property=\"og:description\" content=\"ausserordentliches Treffen am 12. November 2020\" \/>\n<meta property=\"og:url\" content=\"https:\/\/www.haus-bethanien.ch\/de\/audience-privee\/\" \/>\n<meta property=\"og:site_name\" content=\"Bethanien\" \/>\n<meta property=\"article:published_time\" content=\"2020-11-12T09:25:02+00:00\" \/>\n<meta property=\"article:modified_time\" content=\"2021-04-19T14:37:56+00:00\" \/>\n<meta property=\"og:image\" content=\"https:\/\/www.haus-bethanien.ch\/wp-content\/uploads\/2020\/11\/pope-francis-2707203_1920-rognee.jpg\" \/>\n\t<meta property=\"og:image:width\" content=\"1304\" \/>\n\t<meta property=\"og:image:height\" content=\"1169\" \/>\n\t<meta property=\"og:image:type\" content=\"image\/jpeg\" \/>\n<meta name=\"author\" content=\"Francis Schubiger\" \/>\n<meta name=\"twitter:card\" content=\"summary_large_image\" \/>\n<meta name=\"twitter:label1\" content=\"Verfasst von\" \/>\n\t<meta name=\"twitter:data1\" content=\"Francis Schubiger\" \/>\n\t<meta name=\"twitter:label2\" content=\"Gesch\u00e4tzte Lesezeit\" \/>\n\t<meta name=\"twitter:data2\" content=\"1\u00a0Minute\" \/>\n<script type=\"application\/ld+json\" class=\"yoast-schema-graph\">{\"@context\":\"https:\\\/\\\/schema.org\",\"@graph\":[{\"@type\":\"Article\",\"@id\":\"https:\\\/\\\/www.haus-bethanien.ch\\\/de\\\/audience-privee\\\/#article\",\"isPartOf\":{\"@id\":\"https:\\\/\\\/www.haus-bethanien.ch\\\/de\\\/audience-privee\\\/\"},\"author\":{\"name\":\"Francis Schubiger\",\"@id\":\"https:\\\/\\\/www.haus-bethanien.ch\\\/de\\\/#\\\/schema\\\/person\\\/ce4d275c5e2d309432ee8906fa28734f\"},\"headline\":\"Treffen mit Papst Franziskus\",\"datePublished\":\"2020-11-12T09:25:02+00:00\",\"dateModified\":\"2021-04-19T14:37:56+00:00\",\"mainEntityOfPage\":{\"@id\":\"https:\\\/\\\/www.haus-bethanien.ch\\\/de\\\/audience-privee\\\/\"},\"wordCount\":80,\"commentCount\":0,\"image\":{\"@id\":\"https:\\\/\\\/www.haus-bethanien.ch\\\/de\\\/audience-privee\\\/#primaryimage\"},\"thumbnailUrl\":\"https:\\\/\\\/www.haus-bethanien.ch\\\/wp-content\\\/uploads\\\/2020\\\/11\\\/pope-francis-2707203_1920-rognee.jpg\",\"articleSection\":[\"GEMEINSCHAFT\"],\"inLanguage\":\"de\",\"potentialAction\":[{\"@type\":\"CommentAction\",\"name\":\"Comment\",\"target\":[\"https:\\\/\\\/www.haus-bethanien.ch\\\/de\\\/audience-privee\\\/#respond\"]}]},{\"@type\":\"WebPage\",\"@id\":\"https:\\\/\\\/www.haus-bethanien.ch\\\/de\\\/audience-privee\\\/\",\"url\":\"https:\\\/\\\/www.haus-bethanien.ch\\\/de\\\/audience-privee\\\/\",\"name\":\"Treffen mit Papst Franziskus - Bethanien\",\"isPartOf\":{\"@id\":\"https:\\\/\\\/www.haus-bethanien.ch\\\/de\\\/#website\"},\"primaryImageOfPage\":{\"@id\":\"https:\\\/\\\/www.haus-bethanien.ch\\\/de\\\/audience-privee\\\/#primaryimage\"},\"image\":{\"@id\":\"https:\\\/\\\/www.haus-bethanien.ch\\\/de\\\/audience-privee\\\/#primaryimage\"},\"thumbnailUrl\":\"https:\\\/\\\/www.haus-bethanien.ch\\\/wp-content\\\/uploads\\\/2020\\\/11\\\/pope-francis-2707203_1920-rognee.jpg\",\"datePublished\":\"2020-11-12T09:25:02+00:00\",\"dateModified\":\"2021-04-19T14:37:56+00:00\",\"author\":{\"@id\":\"https:\\\/\\\/www.haus-bethanien.ch\\\/de\\\/#\\\/schema\\\/person\\\/ce4d275c5e2d309432ee8906fa28734f\"},\"description\":\"ausserordentliches Treffen am 12. November 2020\",\"breadcrumb\":{\"@id\":\"https:\\\/\\\/www.haus-bethanien.ch\\\/de\\\/audience-privee\\\/#breadcrumb\"},\"inLanguage\":\"de\",\"potentialAction\":[{\"@type\":\"ReadAction\",\"target\":[\"https:\\\/\\\/www.haus-bethanien.ch\\\/de\\\/audience-privee\\\/\"]}]},{\"@type\":\"ImageObject\",\"inLanguage\":\"de\",\"@id\":\"https:\\\/\\\/www.haus-bethanien.ch\\\/de\\\/audience-privee\\\/#primaryimage\",\"url\":\"https:\\\/\\\/www.haus-bethanien.ch\\\/wp-content\\\/uploads\\\/2020\\\/11\\\/pope-francis-2707203_1920-rognee.jpg\",\"contentUrl\":\"https:\\\/\\\/www.haus-bethanien.ch\\\/wp-content\\\/uploads\\\/2020\\\/11\\\/pope-francis-2707203_1920-rognee.jpg\",\"width\":1304,\"height\":1169},{\"@type\":\"BreadcrumbList\",\"@id\":\"https:\\\/\\\/www.haus-bethanien.ch\\\/de\\\/audience-privee\\\/#breadcrumb\",\"itemListElement\":[{\"@type\":\"ListItem\",\"position\":1,\"name\":\"Home\",\"item\":\"https:\\\/\\\/www.haus-bethanien.ch\\\/de\\\/\"},{\"@type\":\"ListItem\",\"position\":2,\"name\":\"Treffen mit Papst Franziskus\"}]},{\"@type\":\"WebSite\",\"@id\":\"https:\\\/\\\/www.haus-bethanien.ch\\\/de\\\/#website\",\"url\":\"https:\\\/\\\/www.haus-bethanien.ch\\\/de\\\/\",\"name\":\"Bethanien\",\"description\":\"Gastehaus Kloster Bethanien\",\"potentialAction\":[{\"@type\":\"SearchAction\",\"target\":{\"@type\":\"EntryPoint\",\"urlTemplate\":\"https:\\\/\\\/www.haus-bethanien.ch\\\/de\\\/?s={search_term_string}\"},\"query-input\":{\"@type\":\"PropertyValueSpecification\",\"valueRequired\":true,\"valueName\":\"search_term_string\"}}],\"inLanguage\":\"de\"},{\"@type\":\"Person\",\"@id\":\"https:\\\/\\\/www.haus-bethanien.ch\\\/de\\\/#\\\/schema\\\/person\\\/ce4d275c5e2d309432ee8906fa28734f\",\"name\":\"Francis Schubiger\",\"image\":{\"@type\":\"ImageObject\",\"inLanguage\":\"de\",\"@id\":\"https:\\\/\\\/secure.gravatar.com\\\/avatar\\\/5228e6903884aa423c8c0e45ac9336ecd318c1f17074fffce583b5327db7d9f1?s=96&d=mm&r=g\",\"url\":\"https:\\\/\\\/secure.gravatar.com\\\/avatar\\\/5228e6903884aa423c8c0e45ac9336ecd318c1f17074fffce583b5327db7d9f1?s=96&d=mm&r=g\",\"contentUrl\":\"https:\\\/\\\/secure.gravatar.com\\\/avatar\\\/5228e6903884aa423c8c0e45ac9336ecd318c1f17074fffce583b5327db7d9f1?s=96&d=mm&r=g\",\"caption\":\"Francis Schubiger\"}}]}<\/script>\n<!-- \/ Yoast SEO plugin. -->","yoast_head_json":{"title":"Treffen mit Papst Franziskus - Bethanien","description":"ausserordentliches Treffen am 12. November 2020","robots":{"index":"index","follow":"follow","max-snippet":"max-snippet:-1","max-image-preview":"max-image-preview:large","max-video-preview":"max-video-preview:-1"},"canonical":"https:\/\/www.haus-bethanien.ch\/de\/audience-privee\/","og_locale":"de_DE","og_type":"article","og_title":"Treffen mit Papst Franziskus - Bethanien","og_description":"ausserordentliches Treffen am 12. November 2020","og_url":"https:\/\/www.haus-bethanien.ch\/de\/audience-privee\/","og_site_name":"Bethanien","article_published_time":"2020-11-12T09:25:02+00:00","article_modified_time":"2021-04-19T14:37:56+00:00","og_image":[{"width":1304,"height":1169,"url":"https:\/\/www.haus-bethanien.ch\/wp-content\/uploads\/2020\/11\/pope-francis-2707203_1920-rognee.jpg","type":"image\/jpeg"}],"author":"Francis Schubiger","twitter_card":"summary_large_image","twitter_misc":{"Verfasst von":"Francis Schubiger","Gesch\u00e4tzte Lesezeit":"1\u00a0Minute"},"schema":{"@context":"https:\/\/schema.org","@graph":[{"@type":"Article","@id":"https:\/\/www.haus-bethanien.ch\/de\/audience-privee\/#article","isPartOf":{"@id":"https:\/\/www.haus-bethanien.ch\/de\/audience-privee\/"},"author":{"name":"Francis Schubiger","@id":"https:\/\/www.haus-bethanien.ch\/de\/#\/schema\/person\/ce4d275c5e2d309432ee8906fa28734f"},"headline":"Treffen mit Papst Franziskus","datePublished":"2020-11-12T09:25:02+00:00","dateModified":"2021-04-19T14:37:56+00:00","mainEntityOfPage":{"@id":"https:\/\/www.haus-bethanien.ch\/de\/audience-privee\/"},"wordCount":80,"commentCount":0,"image":{"@id":"https:\/\/www.haus-bethanien.ch\/de\/audience-privee\/#primaryimage"},"thumbnailUrl":"https:\/\/www.haus-bethanien.ch\/wp-content\/uploads\/2020\/11\/pope-francis-2707203_1920-rognee.jpg","articleSection":["GEMEINSCHAFT"],"inLanguage":"de","potentialAction":[{"@type":"CommentAction","name":"Comment","target":["https:\/\/www.haus-bethanien.ch\/de\/audience-privee\/#respond"]}]},{"@type":"WebPage","@id":"https:\/\/www.haus-bethanien.ch\/de\/audience-privee\/","url":"https:\/\/www.haus-bethanien.ch\/de\/audience-privee\/","name":"Treffen mit Papst Franziskus - Bethanien","isPartOf":{"@id":"https:\/\/www.haus-bethanien.ch\/de\/#website"},"primaryImageOfPage":{"@id":"https:\/\/www.haus-bethanien.ch\/de\/audience-privee\/#primaryimage"},"image":{"@id":"https:\/\/www.haus-bethanien.ch\/de\/audience-privee\/#primaryimage"},"thumbnailUrl":"https:\/\/www.haus-bethanien.ch\/wp-content\/uploads\/2020\/11\/pope-francis-2707203_1920-rognee.jpg","datePublished":"2020-11-12T09:25:02+00:00","dateModified":"2021-04-19T14:37:56+00:00","author":{"@id":"https:\/\/www.haus-bethanien.ch\/de\/#\/schema\/person\/ce4d275c5e2d309432ee8906fa28734f"},"description":"ausserordentliches Treffen am 12. November 2020","breadcrumb":{"@id":"https:\/\/www.haus-bethanien.ch\/de\/audience-privee\/#breadcrumb"},"inLanguage":"de","potentialAction":[{"@type":"ReadAction","target":["https:\/\/www.haus-bethanien.ch\/de\/audience-privee\/"]}]},{"@type":"ImageObject","inLanguage":"de","@id":"https:\/\/www.haus-bethanien.ch\/de\/audience-privee\/#primaryimage","url":"https:\/\/www.haus-bethanien.ch\/wp-content\/uploads\/2020\/11\/pope-francis-2707203_1920-rognee.jpg","contentUrl":"https:\/\/www.haus-bethanien.ch\/wp-content\/uploads\/2020\/11\/pope-francis-2707203_1920-rognee.jpg","width":1304,"height":1169},{"@type":"BreadcrumbList","@id":"https:\/\/www.haus-bethanien.ch\/de\/audience-privee\/#breadcrumb","itemListElement":[{"@type":"ListItem","position":1,"name":"Home","item":"https:\/\/www.haus-bethanien.ch\/de\/"},{"@type":"ListItem","position":2,"name":"Treffen mit Papst Franziskus"}]},{"@type":"WebSite","@id":"https:\/\/www.haus-bethanien.ch\/de\/#website","url":"https:\/\/www.haus-bethanien.ch\/de\/","name":"Bethanien","description":"Gastehaus Kloster Bethanien","potentialAction":[{"@type":"SearchAction","target":{"@type":"EntryPoint","urlTemplate":"https:\/\/www.haus-bethanien.ch\/de\/?s={search_term_string}"},"query-input":{"@type":"PropertyValueSpecification","valueRequired":true,"valueName":"search_term_string"}}],"inLanguage":"de"},{"@type":"Person","@id":"https:\/\/www.haus-bethanien.ch\/de\/#\/schema\/person\/ce4d275c5e2d309432ee8906fa28734f","name":"Francis Schubiger","image":{"@type":"ImageObject","inLanguage":"de","@id":"https:\/\/secure.gravatar.com\/avatar\/5228e6903884aa423c8c0e45ac9336ecd318c1f17074fffce583b5327db7d9f1?s=96&d=mm&r=g","url":"https:\/\/secure.gravatar.com\/avatar\/5228e6903884aa423c8c0e45ac9336ecd318c1f17074fffce583b5327db7d9f1?s=96&d=mm&r=g","contentUrl":"https:\/\/secure.gravatar.com\/avatar\/5228e6903884aa423c8c0e45ac9336ecd318c1f17074fffce583b5327db7d9f1?s=96&d=mm&r=g","caption":"Francis Schubiger"}}]}},"_links":{"self":[{"href":"https:\/\/www.haus-bethanien.ch\/de\/wp-json\/wp\/v2\/posts\/3794","targetHints":{"allow":["GET"]}}],"collection":[{"href":"https:\/\/www.haus-bethanien.ch\/de\/wp-json\/wp\/v2\/posts"}],"about":[{"href":"https:\/\/www.haus-bethanien.ch\/de\/wp-json\/wp\/v2\/types\/post"}],"author":[{"embeddable":true,"href":"https:\/\/www.haus-bethanien.ch\/de\/wp-json\/wp\/v2\/users\/6"}],"replies":[{"embeddable":true,"href":"https:\/\/www.haus-bethanien.ch\/de\/wp-json\/wp\/v2\/comments?post=3794"}],"version-history":[{"count":10,"href":"https:\/\/www.haus-bethanien.ch\/de\/wp-json\/wp\/v2\/posts\/3794\/revisions"}],"predecessor-version":[{"id":3841,"href":"https:\/\/www.haus-bethanien.ch\/de\/wp-json\/wp\/v2\/posts\/3794\/revisions\/3841"}],"wp:featuredmedia":[{"embeddable":true,"href":"https:\/\/www.haus-bethanien.ch\/de\/wp-json\/wp\/v2\/media\/3797"}],"wp:attachment":[{"href":"https:\/\/www.haus-bethanien.ch\/de\/wp-json\/wp\/v2\/media?parent=3794"}],"wp:term":[{"taxonomy":"category","embeddable":true,"href":"https:\/\/www.haus-bethanien.ch\/de\/wp-json\/wp\/v2\/categories?post=3794"},{"taxonomy":"post_tag","embeddable":true,"href":"https:\/\/www.haus-bethanien.ch\/de\/wp-json\/wp\/v2\/tags?post=3794"}],"curies":[{"name":"wp","href":"https:\/\/api.w.org\/{rel}","templated":true}]}}